{"id":19408,"date":"2024-06-08T10:00:29","date_gmt":"2024-06-08T08:00:29","guid":{"rendered":"https:\/\/dorfgemeinschaft-bremke.de\/wordpress\/?p=19408"},"modified":"2024-06-12T21:33:11","modified_gmt":"2024-06-12T19:33:11","slug":"stadtradeln-2024","status":"publish","type":"post","link":"https:\/\/dorfgemeinschaft-bremke.de\/wordpress\/?p=19408","title":{"rendered":"Stadtradeln 2024"},"content":{"rendered":"<div class=\"pdfprnt-buttons pdfprnt-buttons-post pdfprnt-top-right\"><a href=\"https:\/\/dorfgemeinschaft-bremke.de\/wordpress\/index.php?rest_route=%2Fwp%2Fv2%2Fposts%2F19408&print=pdf\" class=\"pdfprnt-button pdfprnt-button-pdf\" target=\"_blank\" ><img decoding=\"async\" src=\"https:\/\/dorfgemeinschaft-bremke.de\/wordpress\/wp-content\/plugins\/pdf-print\/images\/pdf.png\" alt=\"image_pdf\" title=\"PDF anzeigen\" \/><\/a><a href=\"https:\/\/dorfgemeinschaft-bremke.de\/wordpress\/index.php?rest_route=%2Fwp%2Fv2%2Fposts%2F19408&print=print\" class=\"pdfprnt-button pdfprnt-button-print\" target=\"_blank\" ><img decoding=\"async\" src=\"https:\/\/dorfgemeinschaft-bremke.de\/wordpress\/wp-content\/plugins\/pdf-print\/images\/print.png\" alt=\"image_print\" title=\"Inhalt drucken\" \/><\/a><\/div><div class=\"fsn-row full-width-row fsn-69f35884b008a light\" style=\"background-repeat:repeat;background-position:left top;background-attachment:scroll;background-size:auto;\"><div class=\"container-fluid\"><div class=\"row\"><div class=\"col-sm-12\"><div class=\"fsn-column-inner fsn-69f35884b0100 light\"><div class=\"fsn-text fsn-69f35884b0154\">\n<p style=\"margin: 0cm;\"><span style=\"color: black; font-family: Arial, sans-serif; font-size: 14pt;\">Die Gemeinde Extertal hat sich kurzfristig entschieden auch in diesem Jahr am Stadtradeln teilzunehmen.<\/span><\/p>\n<p style=\"margin: 0cm;\">&nbsp;<\/p>\n<p style=\"margin: 0cm;\"><span style=\"font-size: 14pt; font-family: Arial, sans-serif; color: black;\">Auch dieses Mal haben wir wieder ein Team unter dem Namen &#8222;Bergd\u00f6rfer&#8220; erstellt, bei dem wir gemeinsam<\/span><span style=\"font-size: 14pt; font-family: Arial, sans-serif; color: black;\"> in der Zeit vom 19.05.2024 bis zum 08.06.2024 Kilometer erstrampelt haben.<\/span><\/p>\n<p style=\"margin: 0cm;\">&nbsp;<\/p>\n<p style=\"margin: 0cm;\"><span style=\"color: #000000; font-family: Arial, sans-serif;\"><span style=\"font-size: 18.6667px;\">Von 16 gemeldeten Teams haben wir mit 1.300 erreichten Kilometern den siebten Platz innerhalb der Kommune erreichen k\u00f6nnen.<\/span><\/span><\/p>\n<p><span style=\"font-family: arial, helvetica, sans-serif; font-size: 14pt;\">F\u00fcr das n\u00e4chste Jahr ist auch wieder eine Teilnahme geplant, bei der wir auf eine gro\u00dfe Beteiligung hoffen.<\/span><\/p>\n<\/div><\/div><\/div><\/div><\/div><\/div>\n","protected":false},"excerpt":{"rendered":"","protected":false},"author":5,"featured_media":19148,"comment_status":"open","ping_status":"open","sticky":false,"template":"","format":"standard","meta":{"ngg_post_thumbnail":0,"footnotes":""},"categories":[44,79],"tags":[],"class_list":{"0":"post-19408","1":"post","2":"type-post","3":"status-publish","4":"format-standard","5":"has-post-thumbnail","6":"hentry","7":"category-berichte","8":"category-fahrrad","10":"post-with-thumbnail","11":"post-with-thumbnail-large"},"_links":{"self":[{"href":"https:\/\/dorfgemeinschaft-bremke.de\/wordpress\/index.php?rest_route=\/wp\/v2\/posts\/19408","targetHints":{"allow":["GET"]}}],"collection":[{"href":"https:\/\/dorfgemeinschaft-bremke.de\/wordpress\/index.php?rest_route=\/wp\/v2\/posts"}],"about":[{"href":"https:\/\/dorfgemeinschaft-bremke.de\/wordpress\/index.php?rest_route=\/wp\/v2\/types\/post"}],"author":[{"embeddable":true,"href":"https:\/\/dorfgemeinschaft-bremke.de\/wordpress\/index.php?rest_route=\/wp\/v2\/users\/5"}],"replies":[{"embeddable":true,"href":"https:\/\/dorfgemeinschaft-bremke.de\/wordpress\/index.php?rest_route=%2Fwp%2Fv2%2Fcomments&post=19408"}],"version-history":[{"count":2,"href":"https:\/\/dorfgemeinschaft-bremke.de\/wordpress\/index.php?rest_route=\/wp\/v2\/posts\/19408\/revisions"}],"predecessor-version":[{"id":19414,"href":"https:\/\/dorfgemeinschaft-bremke.de\/wordpress\/index.php?rest_route=\/wp\/v2\/posts\/19408\/revisions\/19414"}],"wp:featuredmedia":[{"embeddable":true,"href":"https:\/\/dorfgemeinschaft-bremke.de\/wordpress\/index.php?rest_route=\/wp\/v2\/media\/19148"}],"wp:attachment":[{"href":"https:\/\/dorfgemeinschaft-bremke.de\/wordpress\/index.php?rest_route=%2Fwp%2Fv2%2Fmedia&parent=19408"}],"wp:term":[{"taxonomy":"category","embeddable":true,"href":"https:\/\/dorfgemeinschaft-bremke.de\/wordpress\/index.php?rest_route=%2Fwp%2Fv2%2Fcategories&post=19408"},{"taxonomy":"post_tag","embeddable":true,"href":"https:\/\/dorfgemeinschaft-bremke.de\/wordpress\/index.php?rest_route=%2Fwp%2Fv2%2Ftags&post=19408"}],"curies":[{"name":"wp","href":"https:\/\/api.w.org\/{rel}","templated":true}]}}