{"id":19151,"date":"2023-05-01T10:00:59","date_gmt":"2023-05-01T08:00:59","guid":{"rendered":"https:\/\/dorfgemeinschaft-bremke.de\/wordpress\/?p=19151"},"modified":"2023-07-21T19:40:29","modified_gmt":"2023-07-21T17:40:29","slug":"01-mai-2023","status":"publish","type":"post","link":"https:\/\/dorfgemeinschaft-bremke.de\/wordpress\/?p=19151","title":{"rendered":"Maifeier 2023"},"content":{"rendered":"<div class=\"pdfprnt-buttons pdfprnt-buttons-post pdfprnt-top-right\"><a href=\"https:\/\/dorfgemeinschaft-bremke.de\/wordpress\/index.php?rest_route=%2Fwp%2Fv2%2Fposts%2F19151&print=pdf\" class=\"pdfprnt-button pdfprnt-button-pdf\" target=\"_blank\" ><img decoding=\"async\" src=\"https:\/\/dorfgemeinschaft-bremke.de\/wordpress\/wp-content\/plugins\/pdf-print\/images\/pdf.png\" alt=\"image_pdf\" title=\"PDF anzeigen\" \/><\/a><a href=\"https:\/\/dorfgemeinschaft-bremke.de\/wordpress\/index.php?rest_route=%2Fwp%2Fv2%2Fposts%2F19151&print=print\" class=\"pdfprnt-button pdfprnt-button-print\" target=\"_blank\" ><img decoding=\"async\" src=\"https:\/\/dorfgemeinschaft-bremke.de\/wordpress\/wp-content\/plugins\/pdf-print\/images\/print.png\" alt=\"image_print\" title=\"Inhalt drucken\" \/><\/a><\/div><div class=\"fsn-row full-width-row fsn-69f3aef5d2444 light\" style=\"background-repeat:repeat;background-position:left top;background-attachment:scroll;background-size:auto;\"><div class=\"container-fluid\"><div class=\"row\"><div class=\"col-sm-12\"><div class=\"fsn-column-inner fsn-69f3aef5d24c4 light\"><div class=\"fsn-text fsn-69f3aef5d251d\">\n<p><span style=\"font-size: 14pt;\">Sch\u00f6n, dass wir uns 2023 nicht mehr den Corona-Regeln unterwerfen mussten und endlich wieder ohne Beschr\u00e4nkungen zusammensein konnten.<\/span><\/p>\n<p><span style=\"font-size: 14pt;\">Da es sich nun wieder etwas ungezwungener feiern lie\u00df, hat sich der Vorstand dazu entschieden, die Feier erstmals auf dem Spielplatz durchzuf\u00fchren.<\/span><\/p>\n<p><span style=\"font-size: 14pt;\">Trotz des organisatorisch deutlich h\u00f6heren Aufwands hat sich diese Wahl definitiv gelohnt.<\/span><\/p>\n<p><span style=\"font-size: 14pt;\">Los gings f\u00fcr die 13 teilnehmenden Wanderer um 10.00 Uhr ab Unterstand zur Umrundung des Rickbachfalls.<br \/>\n<\/span><span style=\"font-size: 14pt;\">Zur Wanderhalbzeit wurde bei herrlichem Sonnenschein vom Helferteam noch ein Kaltgetr\u00e4nk angeboten.<br \/>\n<\/span><span style=\"font-size: 14pt;\">P\u00fcnktlich um 12.00 Uhr zur\u00fcck am Unterstand am Spielplatz, nahm dann die Feier ihren Lauf.<\/span><\/p>\n<p><span style=\"font-size: 14pt;\">Hier trafen im Laufe des Tages immer mehr Bremker ein, um sich die angebotenen kulinarischen K\u00f6stlichkeiten wie Champignons, Schaschlik, Bratw\u00fcrstchen, vegetarische M\u00f6hren-Ingwer-Suppe und diverse gespendete Torten und Kuchen schmecken zu lassen.<\/span><\/p>\n<p><span style=\"font-size: 14pt;\">Immer wieder fanden sich Gr\u00fcppchen zusammen, die sich \u00fcber \u201eDies und Das\u201c zu erz\u00e4hlen wussten, so dass sicher keine Langeweile aufkam und die Kids konnten ausgelassen und sicher auf dem Spielplatz toben.<\/span><\/p>\n<p><span style=\"font-size: 14pt;\">Zu Spitzenzeiten wurden 126 Personen auf dem Gel\u00e4nde gez\u00e4hlt. Somit war wohl \u201ehalb Bremke\u201c ein Teil der Feier.<\/span><\/p>\n<p><span style=\"font-size: 14pt;\">Wenn die andere H\u00e4lfte im n\u00e4chsten Jahr dann auch noch dazu kommt, umso besser.<\/span><\/p>\n<p><span style=\"font-size: 14pt;\">Sch\u00f6n war`s.<\/span><\/p>\n<p>Text: Stork<br \/>\nBilder: Lecker<\/p>\n<p>&nbsp;<\/p>\n<p>ngg_shortcode_0_placeholder<\/div><\/div><\/div><\/div><\/div><\/div>\n","protected":false},"excerpt":{"rendered":"","protected":false},"author":5,"featured_media":19186,"comment_status":"open","ping_status":"open","sticky":false,"template":"","format":"standard","meta":{"ngg_post_thumbnail":0,"footnotes":""},"categories":[44],"tags":[],"class_list":{"0":"post-19151","1":"post","2":"type-post","3":"status-publish","4":"format-standard","5":"has-post-thumbnail","6":"hentry","7":"category-berichte","9":"post-with-thumbnail","10":"post-with-thumbnail-large"},"_links":{"self":[{"href":"https:\/\/dorfgemeinschaft-bremke.de\/wordpress\/index.php?rest_route=\/wp\/v2\/posts\/19151","targetHints":{"allow":["GET"]}}],"collection":[{"href":"https:\/\/dorfgemeinschaft-bremke.de\/wordpress\/index.php?rest_route=\/wp\/v2\/posts"}],"about":[{"href":"https:\/\/dorfgemeinschaft-bremke.de\/wordpress\/index.php?rest_route=\/wp\/v2\/types\/post"}],"author":[{"embeddable":true,"href":"https:\/\/dorfgemeinschaft-bremke.de\/wordpress\/index.php?rest_route=\/wp\/v2\/users\/5"}],"replies":[{"embeddable":true,"href":"https:\/\/dorfgemeinschaft-bremke.de\/wordpress\/index.php?rest_route=%2Fwp%2Fv2%2Fcomments&post=19151"}],"version-history":[{"count":4,"href":"https:\/\/dorfgemeinschaft-bremke.de\/wordpress\/index.php?rest_route=\/wp\/v2\/posts\/19151\/revisions"}],"predecessor-version":[{"id":19188,"href":"https:\/\/dorfgemeinschaft-bremke.de\/wordpress\/index.php?rest_route=\/wp\/v2\/posts\/19151\/revisions\/19188"}],"wp:featuredmedia":[{"embeddable":true,"href":"https:\/\/dorfgemeinschaft-bremke.de\/wordpress\/index.php?rest_route=\/wp\/v2\/media\/19186"}],"wp:attachment":[{"href":"https:\/\/dorfgemeinschaft-bremke.de\/wordpress\/index.php?rest_route=%2Fwp%2Fv2%2Fmedia&parent=19151"}],"wp:term":[{"taxonomy":"category","embeddable":true,"href":"https:\/\/dorfgemeinschaft-bremke.de\/wordpress\/index.php?rest_route=%2Fwp%2Fv2%2Fcategories&post=19151"},{"taxonomy":"post_tag","embeddable":true,"href":"https:\/\/dorfgemeinschaft-bremke.de\/wordpress\/index.php?rest_route=%2Fwp%2Fv2%2Ftags&post=19151"}],"curies":[{"name":"wp","href":"https:\/\/api.w.org\/{rel}","templated":true}]}}