{"id":18933,"date":"2022-09-11T10:00:30","date_gmt":"2022-09-11T08:00:30","guid":{"rendered":"https:\/\/dorfgemeinschaft-bremke.de\/wordpress\/?p=18933"},"modified":"2022-12-14T21:11:58","modified_gmt":"2022-12-14T20:11:58","slug":"fahrradtour-2022","status":"publish","type":"post","link":"https:\/\/dorfgemeinschaft-bremke.de\/wordpress\/?p=18933","title":{"rendered":"Fahrradtour 2022"},"content":{"rendered":"<div class=\"pdfprnt-buttons pdfprnt-buttons-post pdfprnt-top-right\"><a href=\"https:\/\/dorfgemeinschaft-bremke.de\/wordpress\/index.php?rest_route=%2Fwp%2Fv2%2Fposts%2F18933&print=pdf\" class=\"pdfprnt-button pdfprnt-button-pdf\" target=\"_blank\" ><img decoding=\"async\" src=\"https:\/\/dorfgemeinschaft-bremke.de\/wordpress\/wp-content\/plugins\/pdf-print\/images\/pdf.png\" alt=\"image_pdf\" title=\"PDF anzeigen\" \/><\/a><a href=\"https:\/\/dorfgemeinschaft-bremke.de\/wordpress\/index.php?rest_route=%2Fwp%2Fv2%2Fposts%2F18933&print=print\" class=\"pdfprnt-button pdfprnt-button-print\" target=\"_blank\" ><img decoding=\"async\" src=\"https:\/\/dorfgemeinschaft-bremke.de\/wordpress\/wp-content\/plugins\/pdf-print\/images\/print.png\" alt=\"image_print\" title=\"Inhalt drucken\" \/><\/a><\/div><div class=\"fsn-row full-width-row fsn-69f43bef4598f light\" style=\"background-repeat:repeat;background-position:left top;background-attachment:scroll;background-size:auto;\"><div class=\"container-fluid\"><div class=\"row\"><div class=\"col-sm-12\"><div class=\"fsn-column-inner fsn-69f43bef45a0c light\"><div class=\"fsn-text fsn-69f43bef45a65\">\n<p><span style=\"font-size: 14pt;\">Die diesj\u00e4hrige Radtour der Dorfgemeinschaft fand am 11.09.2022 statt.<\/span><\/p>\n<p><span style=\"font-size: 14pt;\">P\u00fcnktlich um 10.00 Uhr wurden 15 unerschrockene Radfahrer durch Andi Lecker auf die Strecke an dem nieseligen und frischen Sonntagmorgen entlassen.<\/span><\/p>\n<p><span style=\"font-size: 14pt;\">Wohl auch aufgrund der Ank\u00fcndigung, dass die Tour rund 35 Kilometer durch das bergige Extertal gehen sollte, waren ausschlie\u00dflich E-Bikes am Start.<\/span><\/p>\n<p><span style=\"font-size: 14pt;\">Die von Matthias Brockmann ausgearbeitete Runde f\u00fchrte \u00fcber Hagendorf, Meierberg, den Twelen hinunter nach Vallentrup zur ersten Rast am Asmisser Friedhof.<\/span><\/p>\n<p><span style=\"font-size: 14pt;\">Dort wurden die Radler schon von Andi Lecker mitsamt Begleitfahrzeug empfangen.<\/span><\/p>\n<p><span style=\"font-size: 14pt;\">Nach kurzer Erfrischungspause ging es dann bei zunehmend blauem Himmel durch Feld und Flur rauf nach Hohensonne, wo nach kurzer Abfahrt am Linderhofer Wanderparkplatz bereits das Versorgungsfahrzeug mit leckerem Kuchenb\u00fcffet und herzhaften Bierknackern auf die Aktiven wartete.<\/span><\/p>\n<p><span style=\"font-size: 14pt;\">Die Pause wurde ausgiebig zur St\u00e4rkung und zu dem ein oder andern Plausch genutzt, bevor es dann meistens bergab bis maximal eben \u00fcber Bistrup und Almena wieder zur\u00fcck nach Bremke ging. Am B\u00fcrgerhaus lies man den Tag dann bei Bratwurst und k\u00fchlen Getr\u00e4nken ausklingen.<\/span><\/p>\n<p><span style=\"font-size: 14pt;\">Fazit der Veranstaltung: super Strecke, unerwartet gutes Wetter, nette Leute, tolle Gespr\u00e4che, top Service durch das Personal im Begleitfahrzeug.<\/span><\/p>\n<p><span style=\"font-size: 14pt;\">Danke an Ina f\u00fcr den \u201eLecker\u201c Kuchen.<\/span><\/p>\n<p><span style=\"font-size: 14pt;\">Zu Erw\u00e4hnen bleibt noch, dass das Begleitfahrzeug diesmal nur f\u00fcr die Bewirtung, nicht aber f\u00fcr den Transport von defekten R\u00e4dern oder m\u00fcden Radlern ben\u00f6tigt wurde.<\/span><\/p>\n<p>Bericht: Stork<br \/>\nBilder: Homuth<\/p>\n<p>ngg_shortcode_0_placeholder<\/div><\/div><\/div><\/div><\/div><\/div>\n","protected":false},"excerpt":{"rendered":"","protected":false},"author":5,"featured_media":18934,"comment_status":"open","ping_status":"open","sticky":false,"template":"","format":"standard","meta":{"ngg_post_thumbnail":0,"footnotes":""},"categories":[44,79],"tags":[],"class_list":{"0":"post-18933","1":"post","2":"type-post","3":"status-publish","4":"format-standard","5":"has-post-thumbnail","6":"hentry","7":"category-berichte","8":"category-fahrrad","10":"post-with-thumbnail","11":"post-with-thumbnail-large"},"_links":{"self":[{"href":"https:\/\/dorfgemeinschaft-bremke.de\/wordpress\/index.php?rest_route=\/wp\/v2\/posts\/18933","targetHints":{"allow":["GET"]}}],"collection":[{"href":"https:\/\/dorfgemeinschaft-bremke.de\/wordpress\/index.php?rest_route=\/wp\/v2\/posts"}],"about":[{"href":"https:\/\/dorfgemeinschaft-bremke.de\/wordpress\/index.php?rest_route=\/wp\/v2\/types\/post"}],"author":[{"embeddable":true,"href":"https:\/\/dorfgemeinschaft-bremke.de\/wordpress\/index.php?rest_route=\/wp\/v2\/users\/5"}],"replies":[{"embeddable":true,"href":"https:\/\/dorfgemeinschaft-bremke.de\/wordpress\/index.php?rest_route=%2Fwp%2Fv2%2Fcomments&post=18933"}],"version-history":[{"count":3,"href":"https:\/\/dorfgemeinschaft-bremke.de\/wordpress\/index.php?rest_route=\/wp\/v2\/posts\/18933\/revisions"}],"predecessor-version":[{"id":19052,"href":"https:\/\/dorfgemeinschaft-bremke.de\/wordpress\/index.php?rest_route=\/wp\/v2\/posts\/18933\/revisions\/19052"}],"wp:featuredmedia":[{"embeddable":true,"href":"https:\/\/dorfgemeinschaft-bremke.de\/wordpress\/index.php?rest_route=\/wp\/v2\/media\/18934"}],"wp:attachment":[{"href":"https:\/\/dorfgemeinschaft-bremke.de\/wordpress\/index.php?rest_route=%2Fwp%2Fv2%2Fmedia&parent=18933"}],"wp:term":[{"taxonomy":"category","embeddable":true,"href":"https:\/\/dorfgemeinschaft-bremke.de\/wordpress\/index.php?rest_route=%2Fwp%2Fv2%2Fcategories&post=18933"},{"taxonomy":"post_tag","embeddable":true,"href":"https:\/\/dorfgemeinschaft-bremke.de\/wordpress\/index.php?rest_route=%2Fwp%2Fv2%2Ftags&post=18933"}],"curies":[{"name":"wp","href":"https:\/\/api.w.org\/{rel}","templated":true}]}}