{"id":17595,"date":"2020-08-23T10:30:20","date_gmt":"2020-08-23T08:30:20","guid":{"rendered":"http:\/\/dorfgemeinschaft-bremke.de\/wordpress\/?p=17595"},"modified":"2021-08-29T12:18:55","modified_gmt":"2021-08-29T10:18:55","slug":"fahrradtour-2020","status":"publish","type":"post","link":"https:\/\/dorfgemeinschaft-bremke.de\/wordpress\/?p=17595","title":{"rendered":"Fahrradtour 2020"},"content":{"rendered":"<div class=\"pdfprnt-buttons pdfprnt-buttons-post pdfprnt-top-right\"><a href=\"https:\/\/dorfgemeinschaft-bremke.de\/wordpress\/index.php?rest_route=%2Fwp%2Fv2%2Fposts%2F17595&print=pdf\" class=\"pdfprnt-button pdfprnt-button-pdf\" target=\"_blank\" ><img decoding=\"async\" src=\"https:\/\/dorfgemeinschaft-bremke.de\/wordpress\/wp-content\/plugins\/pdf-print\/images\/pdf.png\" alt=\"image_pdf\" title=\"PDF anzeigen\" \/><\/a><a href=\"https:\/\/dorfgemeinschaft-bremke.de\/wordpress\/index.php?rest_route=%2Fwp%2Fv2%2Fposts%2F17595&print=print\" class=\"pdfprnt-button pdfprnt-button-print\" target=\"_blank\" ><img decoding=\"async\" src=\"https:\/\/dorfgemeinschaft-bremke.de\/wordpress\/wp-content\/plugins\/pdf-print\/images\/print.png\" alt=\"image_print\" title=\"Inhalt drucken\" \/><\/a><\/div><p><span style=\"font-family: georgia,palatino,serif; font-size: 14pt;\">Am 23.08.2020 fand die diesj\u00e4hrige Fahrradtour statt.<\/span><\/p>\n<p><span style=\"font-family: georgia,palatino,serif; font-size: 14pt;\">22 Bremker und Bremkerinnen trafen sich um 10 Uhr, um mit ihren E- und Muskelbikes die Strecke unter die R\u00e4der zu nehmen.<\/span><\/p>\n<p><span style=\"font-family: georgia,palatino,serif; font-size: 14pt;\">Sie f\u00fchrte \u00fcber N\u00f6singfeld und den Flinkenhaspel zun\u00e4chst nach Friedrichswald, wo die Wahl bestand, einen absch\u00fcssigen und entspannten Waldweg zu nehmen oder gem\u00fctlich der Stra\u00dfe nach Friedrichsburg zu folgen.<\/span><br \/>\n<span style=\"font-family: georgia,palatino,serif; font-size: 14pt;\">Tats\u00e4chlich fanden sich einige Hartgesottene f\u00fcr den Waldweg.<\/span><\/p>\n<p><span style=\"font-family: georgia,palatino,serif; font-size: 14pt;\">Die beiden Gruppen trafen sich wieder wohlbehalten in Friedrichsburg.<\/span><\/p>\n<p><span style=\"font-family: georgia,palatino,serif; font-size: 14pt;\">Kurz vor He\u00dflingen dann die erste Pause bei unserem perfekt ausgestatteten Begleitfahrzeug, bevor es \u00fcber Fuhlen Richtung Hessisch Oldendorf weiterging.<\/span><\/p>\n<p><span style=\"font-family: georgia,palatino,serif; font-size: 14pt;\">Kurz vor der Weserbr\u00fccke konnten wir noch einmal Getr\u00e4nke nachfassen, dann ging es auf die n\u00e4chste Etappe nach Gro\u00dfenwieden.<\/span><\/p>\n<p><span style=\"font-family: georgia,palatino,serif; font-size: 14pt;\">Wir trafen dort ausgerechnet zur Mittagspause der F\u00e4hre ein und beschlossen daher uns, des gro\u00dfen Andranges wegen, auf der n\u00f6rdlichen Weserseite weiter nach Rinteln zu fahren.<\/span><\/p>\n<p><span style=\"font-family: georgia,palatino,serif; font-size: 14pt;\">Am Kieswerk Ahe wurden wir wieder bestens bek\u00f6stigt und konnten uns mit Kuchen und Mettwurst st\u00e4rken.<\/span><\/p>\n<p><span style=\"font-family: georgia,palatino,serif; font-size: 14pt;\">Wir begannen unsere letzte Etappe, die \u00fcber Rinteln, das Exterfeld und Uchtdorf nach Bremke f\u00fchrte.<\/span><br \/>\n<span style=\"font-family: georgia,palatino,serif; font-size: 14pt;\">Am B\u00fcrgerhaus machten wir unseren Abschluss und lie\u00dfen die Tour langsam ausklingen.<\/span><\/p>\n<p>Text: Brockmann<br \/>\nBilder: Homuth<\/p>\nngg_shortcode_0_placeholder\n","protected":false},"excerpt":{"rendered":"<p> [&hellip;]<\/p>\n","protected":false},"author":5,"featured_media":17871,"comment_status":"open","ping_status":"open","sticky":false,"template":"","format":"standard","meta":{"ngg_post_thumbnail":0,"footnotes":""},"categories":[44,79],"tags":[],"class_list":{"0":"post-17595","1":"post","2":"type-post","3":"status-publish","4":"format-standard","5":"has-post-thumbnail","6":"hentry","7":"category-berichte","8":"category-fahrrad","10":"post-with-thumbnail","11":"post-with-thumbnail-large"},"_links":{"self":[{"href":"https:\/\/dorfgemeinschaft-bremke.de\/wordpress\/index.php?rest_route=\/wp\/v2\/posts\/17595","targetHints":{"allow":["GET"]}}],"collection":[{"href":"https:\/\/dorfgemeinschaft-bremke.de\/wordpress\/index.php?rest_route=\/wp\/v2\/posts"}],"about":[{"href":"https:\/\/dorfgemeinschaft-bremke.de\/wordpress\/index.php?rest_route=\/wp\/v2\/types\/post"}],"author":[{"embeddable":true,"href":"https:\/\/dorfgemeinschaft-bremke.de\/wordpress\/index.php?rest_route=\/wp\/v2\/users\/5"}],"replies":[{"embeddable":true,"href":"https:\/\/dorfgemeinschaft-bremke.de\/wordpress\/index.php?rest_route=%2Fwp%2Fv2%2Fcomments&post=17595"}],"version-history":[{"count":5,"href":"https:\/\/dorfgemeinschaft-bremke.de\/wordpress\/index.php?rest_route=\/wp\/v2\/posts\/17595\/revisions"}],"predecessor-version":[{"id":18000,"href":"https:\/\/dorfgemeinschaft-bremke.de\/wordpress\/index.php?rest_route=\/wp\/v2\/posts\/17595\/revisions\/18000"}],"wp:featuredmedia":[{"embeddable":true,"href":"https:\/\/dorfgemeinschaft-bremke.de\/wordpress\/index.php?rest_route=\/wp\/v2\/media\/17871"}],"wp:attachment":[{"href":"https:\/\/dorfgemeinschaft-bremke.de\/wordpress\/index.php?rest_route=%2Fwp%2Fv2%2Fmedia&parent=17595"}],"wp:term":[{"taxonomy":"category","embeddable":true,"href":"https:\/\/dorfgemeinschaft-bremke.de\/wordpress\/index.php?rest_route=%2Fwp%2Fv2%2Fcategories&post=17595"},{"taxonomy":"post_tag","embeddable":true,"href":"https:\/\/dorfgemeinschaft-bremke.de\/wordpress\/index.php?rest_route=%2Fwp%2Fv2%2Ftags&post=17595"}],"curies":[{"name":"wp","href":"https:\/\/api.w.org\/{rel}","templated":true}]}}