{"id":17519,"date":"2020-08-07T17:00:44","date_gmt":"2020-08-07T15:00:44","guid":{"rendered":"http:\/\/dorfgemeinschaft-bremke.de\/wordpress\/?p=17519"},"modified":"2021-05-28T22:02:02","modified_gmt":"2021-05-28T20:02:02","slug":"rund-ums-buergerhaus-07-08-2020","status":"publish","type":"post","link":"https:\/\/dorfgemeinschaft-bremke.de\/wordpress\/?p=17519","title":{"rendered":"&#8222;Rund ums B\u00fcrgerhaus&#8220; 07.08.2020"},"content":{"rendered":"<div class=\"pdfprnt-buttons pdfprnt-buttons-post pdfprnt-top-right\"><a href=\"https:\/\/dorfgemeinschaft-bremke.de\/wordpress\/index.php?rest_route=%2Fwp%2Fv2%2Fposts%2F17519&print=pdf\" class=\"pdfprnt-button pdfprnt-button-pdf\" target=\"_blank\" ><img decoding=\"async\" src=\"https:\/\/dorfgemeinschaft-bremke.de\/wordpress\/wp-content\/plugins\/pdf-print\/images\/pdf.png\" alt=\"image_pdf\" title=\"PDF anzeigen\" \/><\/a><a href=\"https:\/\/dorfgemeinschaft-bremke.de\/wordpress\/index.php?rest_route=%2Fwp%2Fv2%2Fposts%2F17519&print=print\" class=\"pdfprnt-button pdfprnt-button-print\" target=\"_blank\" ><img decoding=\"async\" src=\"https:\/\/dorfgemeinschaft-bremke.de\/wordpress\/wp-content\/plugins\/pdf-print\/images\/print.png\" alt=\"image_print\" title=\"Inhalt drucken\" \/><\/a><\/div><p><span style=\"font-size: 14pt;\">Am 07.08.20 wurde eine der &#8222;Rund ums B\u00fcrgerhaus&#8220;-Aktionen durchgef\u00fchrt, in denen einmal pro Monat nicht nur um das B\u00fcrgerhaus, sondern auch an anderen Stellen des Ortes sauber gemacht wird.<br \/>\nAufgrund der hohen Temperaturen wurden gro\u00dfe Heckenschnittaktionen nicht angefangen und auf einen sp\u00e4teren Termin verschoben. Daf\u00fcr konnten die 14 tatkr\u00e4ftigen Helfer sich Aufgaben widmen, wie der Reinigung der Einfahrts- und Parkfl\u00e4che und dem Zur\u00fcckschneiden der Str\u00e4ucher, die durch den Zaun hinterm Post-Geb\u00e4ude zum Ellerbruch her\u00fcber wuchsen.<br \/>\nParallel wurde am Bush\u00e4uschen des Goldenen Winkels der Rasen getrimmt und die Wetterseite wurde mit neuer Farbe gestrichen.<\/span><\/p>\n<p>Text &amp; Bilder: Homuth &amp; Habenicht<\/p>\nngg_shortcode_0_placeholder\n","protected":false},"excerpt":{"rendered":"<p> [&hellip;]<\/p>\n","protected":false},"author":5,"featured_media":17873,"comment_status":"open","ping_status":"open","sticky":false,"template":"","format":"standard","meta":{"ngg_post_thumbnail":0,"footnotes":""},"categories":[44],"tags":[],"class_list":{"0":"post-17519","1":"post","2":"type-post","3":"status-publish","4":"format-standard","5":"has-post-thumbnail","6":"hentry","7":"category-berichte","9":"post-with-thumbnail","10":"post-with-thumbnail-large"},"_links":{"self":[{"href":"https:\/\/dorfgemeinschaft-bremke.de\/wordpress\/index.php?rest_route=\/wp\/v2\/posts\/17519","targetHints":{"allow":["GET"]}}],"collection":[{"href":"https:\/\/dorfgemeinschaft-bremke.de\/wordpress\/index.php?rest_route=\/wp\/v2\/posts"}],"about":[{"href":"https:\/\/dorfgemeinschaft-bremke.de\/wordpress\/index.php?rest_route=\/wp\/v2\/types\/post"}],"author":[{"embeddable":true,"href":"https:\/\/dorfgemeinschaft-bremke.de\/wordpress\/index.php?rest_route=\/wp\/v2\/users\/5"}],"replies":[{"embeddable":true,"href":"https:\/\/dorfgemeinschaft-bremke.de\/wordpress\/index.php?rest_route=%2Fwp%2Fv2%2Fcomments&post=17519"}],"version-history":[{"count":8,"href":"https:\/\/dorfgemeinschaft-bremke.de\/wordpress\/index.php?rest_route=\/wp\/v2\/posts\/17519\/revisions"}],"predecessor-version":[{"id":17999,"href":"https:\/\/dorfgemeinschaft-bremke.de\/wordpress\/index.php?rest_route=\/wp\/v2\/posts\/17519\/revisions\/17999"}],"wp:featuredmedia":[{"embeddable":true,"href":"https:\/\/dorfgemeinschaft-bremke.de\/wordpress\/index.php?rest_route=\/wp\/v2\/media\/17873"}],"wp:attachment":[{"href":"https:\/\/dorfgemeinschaft-bremke.de\/wordpress\/index.php?rest_route=%2Fwp%2Fv2%2Fmedia&parent=17519"}],"wp:term":[{"taxonomy":"category","embeddable":true,"href":"https:\/\/dorfgemeinschaft-bremke.de\/wordpress\/index.php?rest_route=%2Fwp%2Fv2%2Fcategories&post=17519"},{"taxonomy":"post_tag","embeddable":true,"href":"https:\/\/dorfgemeinschaft-bremke.de\/wordpress\/index.php?rest_route=%2Fwp%2Fv2%2Ftags&post=17519"}],"curies":[{"name":"wp","href":"https:\/\/api.w.org\/{rel}","templated":true}]}}