{"id":17363,"date":"2020-03-07T09:00:10","date_gmt":"2020-03-07T08:00:10","guid":{"rendered":"http:\/\/dorfgemeinschaft-bremke.de\/wordpress\/?p=17363"},"modified":"2021-05-28T22:01:05","modified_gmt":"2021-05-28T20:01:05","slug":"obstbaumschnitt-2020","status":"publish","type":"post","link":"https:\/\/dorfgemeinschaft-bremke.de\/wordpress\/?p=17363","title":{"rendered":"Obstbaumschnitt 2020"},"content":{"rendered":"<div class=\"pdfprnt-buttons pdfprnt-buttons-post pdfprnt-top-right\"><a href=\"https:\/\/dorfgemeinschaft-bremke.de\/wordpress\/index.php?rest_route=%2Fwp%2Fv2%2Fposts%2F17363&print=pdf\" class=\"pdfprnt-button pdfprnt-button-pdf\" target=\"_blank\" ><img decoding=\"async\" src=\"https:\/\/dorfgemeinschaft-bremke.de\/wordpress\/wp-content\/plugins\/pdf-print\/images\/pdf.png\" alt=\"image_pdf\" title=\"PDF anzeigen\" \/><\/a><a href=\"https:\/\/dorfgemeinschaft-bremke.de\/wordpress\/index.php?rest_route=%2Fwp%2Fv2%2Fposts%2F17363&print=print\" class=\"pdfprnt-button pdfprnt-button-print\" target=\"_blank\" ><img decoding=\"async\" src=\"https:\/\/dorfgemeinschaft-bremke.de\/wordpress\/wp-content\/plugins\/pdf-print\/images\/print.png\" alt=\"image_print\" title=\"Inhalt drucken\" \/><\/a><\/div><p><span style=\"font-size: 14pt;\">Am 07. M\u00e4rz lud die Dorfgemeinschaft Bremke e.V. bereits zum vierten Mal zu einem Obstbaumschnitt unter fachlicher Leitung von Ralf Weber auf der Ausgleichsfl\u00e4che ein.<\/span><\/p>\n<p><span style=\"font-size: 14pt;\">16 Personen, darunter 3 Kinder, h\u00f6rten gespannt den Einweisungen des Experten zu. Er erl\u00e4uterte die richtige Schnittweise und welches Werkzeug f\u00fcr den Obstbaumschnitt am geeignetsten ist.&nbsp;<\/span><br \/>\n<span style=\"font-size: 14pt;\">Nachdem sich danach jeder an einen separaten Baum begeben hatte, konnten aufkommende Fragen speziell beantwortet werden. Es wurde wieder darauf aufmerksam gemacht, dass auch beim Baumschnitt viele Fehler gemacht werden k\u00f6nnen auf die man achten muss, um die B\u00e4ume nicht zu besch\u00e4digen.<\/span><\/p>\n<p><span style=\"font-size: 14pt;\">Nach vier Stunden getaner Arbeit wurden die Werkzeuge beiseite gelegt und es konnte bei frischer Bratwurst und Br\u00f6tchen ein ruhiger Abschluss gestaltet werden.&nbsp; Die an diesem Tag nicht geschafften B\u00e4ume werden dann im kommenden Jahr bearbeitet. Alle Beteiligten sind mit dem Ergebnis zufrieden. Vielen Dank an die flei\u00dfigen Helfer.<\/span><\/p>\n<p>Text &amp; Bilder: Homuth<\/p>\nngg_shortcode_0_placeholder\n","protected":false},"excerpt":{"rendered":"<p> [&hellip;]<\/p>\n","protected":false},"author":5,"featured_media":17876,"comment_status":"open","ping_status":"open","sticky":false,"template":"","format":"standard","meta":{"ngg_post_thumbnail":0,"footnotes":""},"categories":[44],"tags":[],"class_list":{"0":"post-17363","1":"post","2":"type-post","3":"status-publish","4":"format-standard","5":"has-post-thumbnail","6":"hentry","7":"category-berichte","9":"post-with-thumbnail","10":"post-with-thumbnail-large"},"_links":{"self":[{"href":"https:\/\/dorfgemeinschaft-bremke.de\/wordpress\/index.php?rest_route=\/wp\/v2\/posts\/17363","targetHints":{"allow":["GET"]}}],"collection":[{"href":"https:\/\/dorfgemeinschaft-bremke.de\/wordpress\/index.php?rest_route=\/wp\/v2\/posts"}],"about":[{"href":"https:\/\/dorfgemeinschaft-bremke.de\/wordpress\/index.php?rest_route=\/wp\/v2\/types\/post"}],"author":[{"embeddable":true,"href":"https:\/\/dorfgemeinschaft-bremke.de\/wordpress\/index.php?rest_route=\/wp\/v2\/users\/5"}],"replies":[{"embeddable":true,"href":"https:\/\/dorfgemeinschaft-bremke.de\/wordpress\/index.php?rest_route=%2Fwp%2Fv2%2Fcomments&post=17363"}],"version-history":[{"count":6,"href":"https:\/\/dorfgemeinschaft-bremke.de\/wordpress\/index.php?rest_route=\/wp\/v2\/posts\/17363\/revisions"}],"predecessor-version":[{"id":17997,"href":"https:\/\/dorfgemeinschaft-bremke.de\/wordpress\/index.php?rest_route=\/wp\/v2\/posts\/17363\/revisions\/17997"}],"wp:featuredmedia":[{"embeddable":true,"href":"https:\/\/dorfgemeinschaft-bremke.de\/wordpress\/index.php?rest_route=\/wp\/v2\/media\/17876"}],"wp:attachment":[{"href":"https:\/\/dorfgemeinschaft-bremke.de\/wordpress\/index.php?rest_route=%2Fwp%2Fv2%2Fmedia&parent=17363"}],"wp:term":[{"taxonomy":"category","embeddable":true,"href":"https:\/\/dorfgemeinschaft-bremke.de\/wordpress\/index.php?rest_route=%2Fwp%2Fv2%2Fcategories&post=17363"},{"taxonomy":"post_tag","embeddable":true,"href":"https:\/\/dorfgemeinschaft-bremke.de\/wordpress\/index.php?rest_route=%2Fwp%2Fv2%2Ftags&post=17363"}],"curies":[{"name":"wp","href":"https:\/\/api.w.org\/{rel}","templated":true}]}}