{"id":17226,"date":"2020-01-31T19:00:22","date_gmt":"2020-01-31T18:00:22","guid":{"rendered":"http:\/\/dorfgemeinschaft-bremke.de\/wordpress\/?p=17226"},"modified":"2021-05-26T22:27:10","modified_gmt":"2021-05-26T20:27:10","slug":"neuer-vorstand-nach-satzungsaenderung","status":"publish","type":"post","link":"https:\/\/dorfgemeinschaft-bremke.de\/wordpress\/?p=17226","title":{"rendered":"Neuer Vorstand nach Satzungs\u00e4nderung &#8211; Nachbericht JHV"},"content":{"rendered":"<div class=\"pdfprnt-buttons pdfprnt-buttons-post pdfprnt-top-right\"><a href=\"https:\/\/dorfgemeinschaft-bremke.de\/wordpress\/index.php?rest_route=%2Fwp%2Fv2%2Fposts%2F17226&print=pdf\" class=\"pdfprnt-button pdfprnt-button-pdf\" target=\"_blank\" ><img decoding=\"async\" src=\"https:\/\/dorfgemeinschaft-bremke.de\/wordpress\/wp-content\/plugins\/pdf-print\/images\/pdf.png\" alt=\"image_pdf\" title=\"PDF anzeigen\" \/><\/a><a href=\"https:\/\/dorfgemeinschaft-bremke.de\/wordpress\/index.php?rest_route=%2Fwp%2Fv2%2Fposts%2F17226&print=print\" class=\"pdfprnt-button pdfprnt-button-print\" target=\"_blank\" ><img decoding=\"async\" src=\"https:\/\/dorfgemeinschaft-bremke.de\/wordpress\/wp-content\/plugins\/pdf-print\/images\/print.png\" alt=\"image_print\" title=\"Inhalt drucken\" \/><\/a><\/div><p><span style=\"font-size: 14pt;\">Zur diesj\u00e4hrigen JHV am 31. Januar begr\u00fc\u00dfte der Vorstand 39 Mitglieder und einige G\u00e4ste im B\u00fcrgerhaus.<\/span><\/p>\n<p><span style=\"font-size: 14pt;\">Neben den allj\u00e4hrlichen wiederkehrenden Aktionen konnte der Vorsitzende Karl-Heinz Kosberg f\u00fcr das abgelaufene Jahr zwei besondere Posten bekanntgeben:<br \/>\nDie Dorfgemeinschaft wurde vom Landrat f\u00fcr ihr herausragendes Engagement im Bereich Klima und Umwelt mit dem Heimat-Preis NRW ausgezeichnet und konnte f\u00fcr zweckgebundene Mittel ein Preisgeld von 5.000,-\u20ac wahrnehmen.<br \/>\nAuch wurde die Wetterschutzh\u00fctte auf dem Mehrgenerationenspielplatz fertiggestellt. Hier sind allerdings noch Restarbeiten im Umfeld und die Rasensaat zu erledigen.<br \/>\nDie Erneuerung des umgebenen Zauns wurde seitens der Gemeinde zugesagt.<br \/>\n<\/span><\/p>\n<p><span style=\"font-size: 14pt;\">Gem\u00e4\u00df der neuen Vereinssatzung standen in diesem Jahr einige Vorstandsposten zur Wahl an:<br \/>\nF\u00fcr das Amt des ersten Vorsitzenden fand sich neben Karl-Heinz Kosberg mit Andreas Lecker ein weiterer Kandidat, der anschlie\u00dfend von den Stimmberechtigten zum neuen Vorsitzenden gew\u00e4hlt wurde.<br \/>\nAls zweiter Vorsitzender wurde Andreas Stork in das vorher unbesetzte Amt gew\u00e4hlt.<br \/>\nIm Vorfeld der Versammlung hatte der Vorstand Nicole Steinke bereits f\u00fcr die Position des Schriftf\u00fchrers begeistern k\u00f6nnen. Die Wahl war dann nur noch Formsache.<br \/>\nAuch f\u00fcr die bisherige Kassiererin Heike Borek wurde aus dem Kreis der Anwesenden mit Carina Lecker eine Nachfolgerin gefunden.<br \/>\n<\/span><\/p>\n<p><span style=\"font-size: 14pt;\">Es folgte der Ausblick auf die kommenden Termine:<br \/>\n<span style=\"text-decoration: underline;\">07.03.20:<\/span> Obstbaumschnitt auf der Ausgleichsfl\u00e4che<br \/>\n<span style=\"text-decoration: underline;\">24.03.20:<\/span> Vortrag zum Thema &#8222;Was macht ein gutes Leben aus?&#8220;<br \/>\n<span style=\"text-decoration: underline;\">27.03.20:<\/span> Stra\u00dfenr\u00e4nder-S\u00e4uberungsaktion<br \/>\n<span style=\"text-decoration: underline;\">14.04.20:<\/span> Er\u00f6ffnung der Boule-Saison<br \/>\n<span style=\"text-decoration: underline;\">26.04.20:<\/span> Wanderung &#8222;\u00dcber Patensteig &amp; Uffoburg&#8220; im Rahmen des Extertaler Wanderprogramms mit Abschluss am B\u00fcrgerhaus<br \/>\n<span style=\"text-decoration: underline;\">01.05.20:<\/span> das traditionelle Maibaumfest am B\u00fcrgerhaus<\/span><\/p>\n<p><span style=\"font-size: 14pt;\">Zum Abschluss der Veranstaltungen konnten sich die Anwesenden an zwei leckeren Suppen und am kleinen kalten Buffet st\u00e4rken.<\/span><\/p>\n<div id=\"attachment_17294\" style=\"width: 650px\" class=\"wp-caption aligncenter\"><img loading=\"lazy\" decoding=\"async\" aria-describedby=\"caption-attachment-17294\" class=\"wp-image-17294 size-full\" src=\"http:\/\/dorfgemeinschaft-bremke.de\/wordpress\/wp-content\/uploads\/2020\/01\/Gruppenbild.jpg\" alt=\"\" width=\"640\" height=\"427\" srcset=\"https:\/\/dorfgemeinschaft-bremke.de\/wordpress\/wp-content\/uploads\/2020\/01\/Gruppenbild.jpg 640w, https:\/\/dorfgemeinschaft-bremke.de\/wordpress\/wp-content\/uploads\/2020\/01\/Gruppenbild-300x200.jpg 300w\" sizes=\"auto, (max-width: 640px) 100vw, 640px\" \/><p id=\"caption-attachment-17294\" class=\"wp-caption-text\"><span style=\"font-size: 12pt;\">(von links nach rechts: Schriftf\u00fchrerin Nicole Steinke, 2. Vorsitzender Andreas Stork, ehemalige Kassiererin Heike Borek, neuer 1. Vorsitzender Andreas Lecker, neue Kassiererin Carina Lecker &amp; ehemaliger 1. Vorsitzender Karl-Heinz Kosberg; es fehlt Gesch\u00e4ftsf\u00fchrer Heino Rinne)<\/span><\/p><\/div>\n","protected":false},"excerpt":{"rendered":"<p> [&hellip;]<\/p>\n","protected":false},"author":5,"featured_media":17294,"comment_status":"open","ping_status":"open","sticky":false,"template":"","format":"standard","meta":{"ngg_post_thumbnail":0,"footnotes":""},"categories":[44],"tags":[],"class_list":{"0":"post-17226","1":"post","2":"type-post","3":"status-publish","4":"format-standard","5":"has-post-thumbnail","6":"hentry","7":"category-berichte","9":"post-with-thumbnail","10":"post-with-thumbnail-large"},"_links":{"self":[{"href":"https:\/\/dorfgemeinschaft-bremke.de\/wordpress\/index.php?rest_route=\/wp\/v2\/posts\/17226","targetHints":{"allow":["GET"]}}],"collection":[{"href":"https:\/\/dorfgemeinschaft-bremke.de\/wordpress\/index.php?rest_route=\/wp\/v2\/posts"}],"about":[{"href":"https:\/\/dorfgemeinschaft-bremke.de\/wordpress\/index.php?rest_route=\/wp\/v2\/types\/post"}],"author":[{"embeddable":true,"href":"https:\/\/dorfgemeinschaft-bremke.de\/wordpress\/index.php?rest_route=\/wp\/v2\/users\/5"}],"replies":[{"embeddable":true,"href":"https:\/\/dorfgemeinschaft-bremke.de\/wordpress\/index.php?rest_route=%2Fwp%2Fv2%2Fcomments&post=17226"}],"version-history":[{"count":12,"href":"https:\/\/dorfgemeinschaft-bremke.de\/wordpress\/index.php?rest_route=\/wp\/v2\/posts\/17226\/revisions"}],"predecessor-version":[{"id":17862,"href":"https:\/\/dorfgemeinschaft-bremke.de\/wordpress\/index.php?rest_route=\/wp\/v2\/posts\/17226\/revisions\/17862"}],"wp:featuredmedia":[{"embeddable":true,"href":"https:\/\/dorfgemeinschaft-bremke.de\/wordpress\/index.php?rest_route=\/wp\/v2\/media\/17294"}],"wp:attachment":[{"href":"https:\/\/dorfgemeinschaft-bremke.de\/wordpress\/index.php?rest_route=%2Fwp%2Fv2%2Fmedia&parent=17226"}],"wp:term":[{"taxonomy":"category","embeddable":true,"href":"https:\/\/dorfgemeinschaft-bremke.de\/wordpress\/index.php?rest_route=%2Fwp%2Fv2%2Fcategories&post=17226"},{"taxonomy":"post_tag","embeddable":true,"href":"https:\/\/dorfgemeinschaft-bremke.de\/wordpress\/index.php?rest_route=%2Fwp%2Fv2%2Ftags&post=17226"}],"curies":[{"name":"wp","href":"https:\/\/api.w.org\/{rel}","templated":true}]}}