{"id":17068,"date":"2019-11-30T16:00:08","date_gmt":"2019-11-30T15:00:08","guid":{"rendered":"http:\/\/dorfgemeinschaft-bremke.de\/wordpress\/?p=17068"},"modified":"2021-05-27T20:52:58","modified_gmt":"2021-05-27T18:52:58","slug":"ue60-seniorennachmittag-2019","status":"publish","type":"post","link":"https:\/\/dorfgemeinschaft-bremke.de\/wordpress\/?p=17068","title":{"rendered":"\u00dc60-Seniorennachmittag 2019"},"content":{"rendered":"<div class=\"pdfprnt-buttons pdfprnt-buttons-post pdfprnt-top-right\"><a href=\"https:\/\/dorfgemeinschaft-bremke.de\/wordpress\/index.php?rest_route=%2Fwp%2Fv2%2Fposts%2F17068&print=pdf\" class=\"pdfprnt-button pdfprnt-button-pdf\" target=\"_blank\" ><img decoding=\"async\" src=\"https:\/\/dorfgemeinschaft-bremke.de\/wordpress\/wp-content\/plugins\/pdf-print\/images\/pdf.png\" alt=\"image_pdf\" title=\"PDF anzeigen\" \/><\/a><a href=\"https:\/\/dorfgemeinschaft-bremke.de\/wordpress\/index.php?rest_route=%2Fwp%2Fv2%2Fposts%2F17068&print=print\" class=\"pdfprnt-button pdfprnt-button-print\" target=\"_blank\" ><img decoding=\"async\" src=\"https:\/\/dorfgemeinschaft-bremke.de\/wordpress\/wp-content\/plugins\/pdf-print\/images\/print.png\" alt=\"image_print\" title=\"Inhalt drucken\" \/><\/a><\/div><p><span style=\"font-size: 14pt;\">Am 30. November fand wieder ein Seniorennachmittag f\u00fcr alle Bremker \u00fcber 60 Jahren statt.<\/span><\/p>\n<p><span style=\"font-size: 14pt;\">Die lange Tafel lie\u00df gleich erahnen, dass man noch mit viel mehr G\u00e4sten gerechnet hatte. So konnten sich die 13 G\u00e4ste von den drei Helferinnen richtig verw\u00f6hnen lassen, denn es wurden ausreichend Torten, Kuchen und Schnittchen angeboten. Auch die vielen Getr\u00e4nke aller Art lie\u00dfen keine W\u00fcnsche offen. Bei Essen und Trinken lie\u00df sich herrlich kl\u00f6nen.<br \/>\nF\u00fcr Interessierte lief im Hintergrund eine Bilderschau mit der \u00fcber die Aktivit\u00e4ten der Dorfgemeinschaft in den vergangenen zwei Jahren berichtet wurde. Aufgemerkt wurde abwechselnd in der Runde, wenn man bestimmte Leute oder sich selbst unter den Bildern erkannt hatte.<br \/>\n<\/span><span style=\"font-size: 14pt;\">Etwas sp\u00e4ter gesellte sich noch Frau Deppe dazu und unterhielt die Gesellschaft mit Anekdoten und kleinen Vortr\u00e4gen in plattdeutscher Sprache. Leider konnten nicht alle diese Texte verstehen, so dass doch immer gleich darauf eine \u00dcbersetzung erforderlich wurde.<br \/>\nErst zu sp\u00e4terer Runde l\u00f6ste sich die Runde auf und ein jeder war zufrieden und lobte die Betreuung durch die drei Helferinnen, die gleichzeitig Mitglieder des Vorstandes waren.<\/span><\/p>\n<p>Bericht &amp; Bilder: Habenicht<\/p>\nngg_shortcode_0_placeholder\n","protected":false},"excerpt":{"rendered":"<p> [&hellip;]<\/p>\n","protected":false},"author":5,"featured_media":17883,"comment_status":"open","ping_status":"open","sticky":false,"template":"","format":"standard","meta":{"ngg_post_thumbnail":0,"footnotes":""},"categories":[44],"tags":[],"class_list":{"0":"post-17068","1":"post","2":"type-post","3":"status-publish","4":"format-standard","5":"has-post-thumbnail","6":"hentry","7":"category-berichte","9":"post-with-thumbnail","10":"post-with-thumbnail-large"},"_links":{"self":[{"href":"https:\/\/dorfgemeinschaft-bremke.de\/wordpress\/index.php?rest_route=\/wp\/v2\/posts\/17068","targetHints":{"allow":["GET"]}}],"collection":[{"href":"https:\/\/dorfgemeinschaft-bremke.de\/wordpress\/index.php?rest_route=\/wp\/v2\/posts"}],"about":[{"href":"https:\/\/dorfgemeinschaft-bremke.de\/wordpress\/index.php?rest_route=\/wp\/v2\/types\/post"}],"author":[{"embeddable":true,"href":"https:\/\/dorfgemeinschaft-bremke.de\/wordpress\/index.php?rest_route=\/wp\/v2\/users\/5"}],"replies":[{"embeddable":true,"href":"https:\/\/dorfgemeinschaft-bremke.de\/wordpress\/index.php?rest_route=%2Fwp%2Fv2%2Fcomments&post=17068"}],"version-history":[{"count":2,"href":"https:\/\/dorfgemeinschaft-bremke.de\/wordpress\/index.php?rest_route=\/wp\/v2\/posts\/17068\/revisions"}],"predecessor-version":[{"id":17077,"href":"https:\/\/dorfgemeinschaft-bremke.de\/wordpress\/index.php?rest_route=\/wp\/v2\/posts\/17068\/revisions\/17077"}],"wp:featuredmedia":[{"embeddable":true,"href":"https:\/\/dorfgemeinschaft-bremke.de\/wordpress\/index.php?rest_route=\/wp\/v2\/media\/17883"}],"wp:attachment":[{"href":"https:\/\/dorfgemeinschaft-bremke.de\/wordpress\/index.php?rest_route=%2Fwp%2Fv2%2Fmedia&parent=17068"}],"wp:term":[{"taxonomy":"category","embeddable":true,"href":"https:\/\/dorfgemeinschaft-bremke.de\/wordpress\/index.php?rest_route=%2Fwp%2Fv2%2Fcategories&post=17068"},{"taxonomy":"post_tag","embeddable":true,"href":"https:\/\/dorfgemeinschaft-bremke.de\/wordpress\/index.php?rest_route=%2Fwp%2Fv2%2Ftags&post=17068"}],"curies":[{"name":"wp","href":"https:\/\/api.w.org\/{rel}","templated":true}]}}