{"id":16475,"date":"2019-05-01T12:00:24","date_gmt":"2019-05-01T10:00:24","guid":{"rendered":"http:\/\/dorfgemeinschaft-bremke.de\/wordpress\/?p=16475"},"modified":"2021-05-28T21:46:27","modified_gmt":"2021-05-28T19:46:27","slug":"maibaumfest-2019","status":"publish","type":"post","link":"https:\/\/dorfgemeinschaft-bremke.de\/wordpress\/?p=16475","title":{"rendered":"Maibaumfest 2019"},"content":{"rendered":"<div class=\"pdfprnt-buttons pdfprnt-buttons-post pdfprnt-top-right\"><a href=\"https:\/\/dorfgemeinschaft-bremke.de\/wordpress\/index.php?rest_route=%2Fwp%2Fv2%2Fposts%2F16475&print=pdf\" class=\"pdfprnt-button pdfprnt-button-pdf\" target=\"_blank\" ><img decoding=\"async\" src=\"https:\/\/dorfgemeinschaft-bremke.de\/wordpress\/wp-content\/plugins\/pdf-print\/images\/pdf.png\" alt=\"image_pdf\" title=\"PDF anzeigen\" \/><\/a><a href=\"https:\/\/dorfgemeinschaft-bremke.de\/wordpress\/index.php?rest_route=%2Fwp%2Fv2%2Fposts%2F16475&print=print\" class=\"pdfprnt-button pdfprnt-button-print\" target=\"_blank\" ><img decoding=\"async\" src=\"https:\/\/dorfgemeinschaft-bremke.de\/wordpress\/wp-content\/plugins\/pdf-print\/images\/print.png\" alt=\"image_print\" title=\"Inhalt drucken\" \/><\/a><\/div><p><span style=\"font-size: 14pt;\">Am 1. Mai fand wie gewohnt das traditionelle Maibaumfest am B\u00fcrgerhaus statt.<br \/>\nNach der Jubil\u00e4umsfeier im letzten Jahr wurde es dieses Jahr wieder ein bisschen ruhiger angegangen. Trotz alle dem war wieder f\u00fcr jeden etwas dabei.<br \/>\nNeben den selbstverst\u00e4ndlichen antialkoholischen Getr\u00e4nken, dem Bier vom Fass und den Bratw\u00fcrstchen gab es dieses Jahr auch neu dazu erstmal Krakauer und die bereits etablierte Champignonpfanne. Im B\u00fcrgerhaus wurden au\u00dferdem wieder Kaffee und von den Bremkern selbstgebackene Kuchen angeboten.<br \/>\nAls Kinderanimateur hat uns der &#8222;Kunigerd&#8220; aus B\u00f6singfeld wieder die Ehre erwiesen.&nbsp;<\/span><\/p>\n<p><span style=\"font-size: 14pt;\">Aufgrund des hervorragenden Wetter konnte der Vorstand sich \u00fcber die Besucheranzahl keineswegs beschweren. Auch von au\u00dferorts kamen viele G\u00e4ste, um am Bremker Maibaumfest teilzuhaben.<\/span><\/p>\n<p>Text &amp; Bilder: Homuth<\/p>\nngg_shortcode_0_placeholder\n","protected":false},"excerpt":{"rendered":"<p> [&hellip;]<\/p>\n","protected":false},"author":5,"featured_media":17986,"comment_status":"open","ping_status":"open","sticky":false,"template":"","format":"standard","meta":{"ngg_post_thumbnail":0,"footnotes":""},"categories":[44],"tags":[],"class_list":{"0":"post-16475","1":"post","2":"type-post","3":"status-publish","4":"format-standard","5":"has-post-thumbnail","6":"hentry","7":"category-berichte","9":"post-with-thumbnail","10":"post-with-thumbnail-large"},"_links":{"self":[{"href":"https:\/\/dorfgemeinschaft-bremke.de\/wordpress\/index.php?rest_route=\/wp\/v2\/posts\/16475","targetHints":{"allow":["GET"]}}],"collection":[{"href":"https:\/\/dorfgemeinschaft-bremke.de\/wordpress\/index.php?rest_route=\/wp\/v2\/posts"}],"about":[{"href":"https:\/\/dorfgemeinschaft-bremke.de\/wordpress\/index.php?rest_route=\/wp\/v2\/types\/post"}],"author":[{"embeddable":true,"href":"https:\/\/dorfgemeinschaft-bremke.de\/wordpress\/index.php?rest_route=\/wp\/v2\/users\/5"}],"replies":[{"embeddable":true,"href":"https:\/\/dorfgemeinschaft-bremke.de\/wordpress\/index.php?rest_route=%2Fwp%2Fv2%2Fcomments&post=16475"}],"version-history":[{"count":5,"href":"https:\/\/dorfgemeinschaft-bremke.de\/wordpress\/index.php?rest_route=\/wp\/v2\/posts\/16475\/revisions"}],"predecessor-version":[{"id":17985,"href":"https:\/\/dorfgemeinschaft-bremke.de\/wordpress\/index.php?rest_route=\/wp\/v2\/posts\/16475\/revisions\/17985"}],"wp:featuredmedia":[{"embeddable":true,"href":"https:\/\/dorfgemeinschaft-bremke.de\/wordpress\/index.php?rest_route=\/wp\/v2\/media\/17986"}],"wp:attachment":[{"href":"https:\/\/dorfgemeinschaft-bremke.de\/wordpress\/index.php?rest_route=%2Fwp%2Fv2%2Fmedia&parent=16475"}],"wp:term":[{"taxonomy":"category","embeddable":true,"href":"https:\/\/dorfgemeinschaft-bremke.de\/wordpress\/index.php?rest_route=%2Fwp%2Fv2%2Fcategories&post=16475"},{"taxonomy":"post_tag","embeddable":true,"href":"https:\/\/dorfgemeinschaft-bremke.de\/wordpress\/index.php?rest_route=%2Fwp%2Fv2%2Ftags&post=16475"}],"curies":[{"name":"wp","href":"https:\/\/api.w.org\/{rel}","templated":true}]}}