{"id":16008,"date":"2019-04-05T17:00:13","date_gmt":"2019-04-05T15:00:13","guid":{"rendered":"http:\/\/dorfgemeinschaft-bremke.de\/wordpress\/?p=16008"},"modified":"2021-05-28T21:40:16","modified_gmt":"2021-05-28T19:40:16","slug":"strassenraendersaeuberungsaktion-2019","status":"publish","type":"post","link":"https:\/\/dorfgemeinschaft-bremke.de\/wordpress\/?p=16008","title":{"rendered":"Stra\u00dfenr\u00e4nder-S\u00e4uberungs-Aktion 2019"},"content":{"rendered":"<div class=\"pdfprnt-buttons pdfprnt-buttons-post pdfprnt-top-right\"><a href=\"https:\/\/dorfgemeinschaft-bremke.de\/wordpress\/index.php?rest_route=%2Fwp%2Fv2%2Fposts%2F16008&print=pdf\" class=\"pdfprnt-button pdfprnt-button-pdf\" target=\"_blank\" ><img decoding=\"async\" src=\"https:\/\/dorfgemeinschaft-bremke.de\/wordpress\/wp-content\/plugins\/pdf-print\/images\/pdf.png\" alt=\"image_pdf\" title=\"PDF anzeigen\" \/><\/a><a href=\"https:\/\/dorfgemeinschaft-bremke.de\/wordpress\/index.php?rest_route=%2Fwp%2Fv2%2Fposts%2F16008&print=print\" class=\"pdfprnt-button pdfprnt-button-print\" target=\"_blank\" ><img decoding=\"async\" src=\"https:\/\/dorfgemeinschaft-bremke.de\/wordpress\/wp-content\/plugins\/pdf-print\/images\/print.png\" alt=\"image_print\" title=\"Inhalt drucken\" \/><\/a><\/div><p><span style=\"font-size: 14pt;\">Am 05. April 2019 beteiligte sich die Dorfgemeinschaft Bremke e.V. wieder einmal an der Landschaftss\u00e4uberung der Gemeinde Extertal.<br \/>\nWie in den vergangenen Jahren auch, trafen sich die Bremker, um vom B\u00fcrgerhaus aus die Stra\u00dfengr\u00e4ben zu s\u00e4ubern.<br \/>\nTrotz des nassen Wetters traten sowohl kleine als auch gro\u00dfe Mithelfer an, um dann in Kleingruppen das Dorf abzugehen. Eine Gruppe nahm die Strecke entlang der Bremker Str. und den Goldenen Winkel und eine weitere Gruppe ging entlang des Bremker Baches durch das Dorf. Da ein paar Mithelfer uns am angek\u00fcndigten Tag nicht mit unterst\u00fctzen konnten, s\u00e4uberten sie die B\u00fclte bereits einen Tag zuvor.<\/span><\/p>\n<p><span style=\"font-size: 14pt;\">Der Abschluss fand, wie in den letzten Jahren, auf dem Mehrgenerationenspielplatz statt. Dort wurden bereits der Grill und die Getr\u00e4nke f\u00fcr die Helfer vorbereitet. Dieses Mal gab es auch selbstgemachten alkoholfreien Punsch als warmes Getr\u00e4nk. Als Highlight des Abends wurde wieder der Baumschnitt des diesj\u00e4hrigen Seminars angez\u00fcndet, wodurch alles bei einem gem\u00fctlichen Feuer seinen Abschluss nahm.<\/span><\/p>\n<p>Bericht &amp; Bilder: Homuth<\/p>\nngg_shortcode_0_placeholder\n","protected":false},"excerpt":{"rendered":"<p> [&hellip;]<\/p>\n","protected":false},"author":5,"featured_media":17982,"comment_status":"open","ping_status":"open","sticky":false,"template":"","format":"standard","meta":{"ngg_post_thumbnail":0,"footnotes":""},"categories":[44],"tags":[],"class_list":{"0":"post-16008","1":"post","2":"type-post","3":"status-publish","4":"format-standard","5":"has-post-thumbnail","6":"hentry","7":"category-berichte","9":"post-with-thumbnail","10":"post-with-thumbnail-large"},"_links":{"self":[{"href":"https:\/\/dorfgemeinschaft-bremke.de\/wordpress\/index.php?rest_route=\/wp\/v2\/posts\/16008","targetHints":{"allow":["GET"]}}],"collection":[{"href":"https:\/\/dorfgemeinschaft-bremke.de\/wordpress\/index.php?rest_route=\/wp\/v2\/posts"}],"about":[{"href":"https:\/\/dorfgemeinschaft-bremke.de\/wordpress\/index.php?rest_route=\/wp\/v2\/types\/post"}],"author":[{"embeddable":true,"href":"https:\/\/dorfgemeinschaft-bremke.de\/wordpress\/index.php?rest_route=\/wp\/v2\/users\/5"}],"replies":[{"embeddable":true,"href":"https:\/\/dorfgemeinschaft-bremke.de\/wordpress\/index.php?rest_route=%2Fwp%2Fv2%2Fcomments&post=16008"}],"version-history":[{"count":5,"href":"https:\/\/dorfgemeinschaft-bremke.de\/wordpress\/index.php?rest_route=\/wp\/v2\/posts\/16008\/revisions"}],"predecessor-version":[{"id":17984,"href":"https:\/\/dorfgemeinschaft-bremke.de\/wordpress\/index.php?rest_route=\/wp\/v2\/posts\/16008\/revisions\/17984"}],"wp:featuredmedia":[{"embeddable":true,"href":"https:\/\/dorfgemeinschaft-bremke.de\/wordpress\/index.php?rest_route=\/wp\/v2\/media\/17982"}],"wp:attachment":[{"href":"https:\/\/dorfgemeinschaft-bremke.de\/wordpress\/index.php?rest_route=%2Fwp%2Fv2%2Fmedia&parent=16008"}],"wp:term":[{"taxonomy":"category","embeddable":true,"href":"https:\/\/dorfgemeinschaft-bremke.de\/wordpress\/index.php?rest_route=%2Fwp%2Fv2%2Fcategories&post=16008"},{"taxonomy":"post_tag","embeddable":true,"href":"https:\/\/dorfgemeinschaft-bremke.de\/wordpress\/index.php?rest_route=%2Fwp%2Fv2%2Ftags&post=16008"}],"curies":[{"name":"wp","href":"https:\/\/api.w.org\/{rel}","templated":true}]}}